[{"@context":"https:\/\/schema.org\/","@type":"Article","@id":"https:\/\/www.clpr.cz\/zastavte-se-v-barber-shopu-v-praze-na-kus-reci\/#Article","mainEntityOfPage":"https:\/\/www.clpr.cz\/zastavte-se-v-barber-shopu-v-praze-na-kus-reci\/","headline":"Zastavte se v barber shopu v Praze na kus \u0159e\u010di","name":"Zastavte se v barber shopu v Praze na kus \u0159e\u010di","description":"\u0158\u00edk\u00e1 v\u00e1m n\u011bco seri\u00e1l L\u00e9taj\u00edc\u00ed \u010cestm\u00edr? Byl nato\u010den za socialismu a excelovala v n\u011bm \u0159ada p\u0159edn\u00edch herc\u016f t\u00e9 doby, spolu s n\u011bkter\u00fdmi d\u011btsk\u00fdmi hrdiny. V seri\u00e1lu se objev\u00ed postava holi\u010de Blechy, v zastoupen\u00ed Petrem N\u00e1ro\u017en\u00fdm, a je tu dob\u0159e patrn\u00e9, \u017ee pr\u00e1v\u011b kade\u0159nick\u00e9 a holi\u010dsk\u00e9 slu\u017eby b\u00fdvaly v\u017edy m\u00edstem, kde se prob\u00edraj\u00ed nejen m\u00edstn\u00ed drby, [&hellip;]","datePublished":"2024-08-26","dateModified":"2024-08-26","author":{"@type":"Person","@id":"https:\/\/www.clpr.cz\/author\/#Person","name":"","url":"https:\/\/www.clpr.cz\/author\/","identifier":1,"image":{"@type":"ImageObject","@id":"https:\/\/secure.gravatar.com\/avatar\/86b519ae28c05e7834416117bec12e679aa78b8940db1f26d4a52ad5648f8c3a?s=96&d=mm&r=g","url":"https:\/\/secure.gravatar.com\/avatar\/86b519ae28c05e7834416117bec12e679aa78b8940db1f26d4a52ad5648f8c3a?s=96&d=mm&r=g","height":96,"width":96}},"publisher":{"@type":"Organization","name":"clpr.cz","logo":{"@type":"ImageObject","@id":"\/logo.png","url":"\/logo.png","width":600,"height":60}},"image":{"@type":"ImageObject","@id":"https:\/\/www.clpr.cz\/wp-content\/uploads\/electric-shaver-6797899_640_1.jpg","url":"https:\/\/www.clpr.cz\/wp-content\/uploads\/electric-shaver-6797899_640_1.jpg","height":0,"width":0},"url":"https:\/\/www.clpr.cz\/zastavte-se-v-barber-shopu-v-praze-na-kus-reci\/","about":["Podnik\u00e1n\u00ed"],"wordCount":437,"articleBody":"                                                                                                                                       \u0158\u00edk\u00e1 v\u00e1m n\u011bco seri\u00e1l L\u00e9taj\u00edc\u00ed \u010cestm\u00edr? Byl nato\u010den za socialismu a excelovala v n\u011bm \u0159ada p\u0159edn\u00edch herc\u016f t\u00e9 doby, spolu s n\u011bkter\u00fdmi d\u011btsk\u00fdmi hrdiny. V seri\u00e1lu se objev\u00ed postava holi\u010de Blechy, v zastoupen\u00ed Petrem N\u00e1ro\u017en\u00fdm, a je tu dob\u0159e patrn\u00e9, \u017ee pr\u00e1v\u011b kade\u0159nick\u00e9 a holi\u010dsk\u00e9 slu\u017eby b\u00fdvaly v\u017edy m\u00edstem, kde se prob\u00edraj\u00ed nejen m\u00edstn\u00ed drby, ale i n\u00e1zory na politiku, sport, kulturu, mezilidsk\u00e9 vztahy a mnoho dal\u0161\u00edch t\u00e9mat. U holi\u010de si zkr\u00e1tka m\u016f\u017eete dob\u0159e \u201epokecat\u201c nejen s n\u00edm, ale i s lidmi kolem v\u00e1s. M\u016f\u017ee z toho n\u011bkdy vzniknout debatn\u00ed klub a lid\u00e9 si tu mohou vym\u011bnit i velmi z\u00e1sadn\u00ed informace ohledn\u011b zdrav\u00ed a \u017eivotn\u00edho stylu.V podobn\u00e9m duchu se to m\u016f\u017ee odehr\u00e1vat i v provozovn\u00e1ch barber shopu v Praze. Anebo v n\u011bkter\u00e9 z pobo\u010dek v jej\u00edm bl\u00edzk\u00e9m okol\u00ed, nap\u0159\u00edklad v Hostivici a v Kladn\u011b. Barber je specialista na p\u00e1nsk\u00e9 \u00fa\u010desy a \u00fapravy vous\u016f, ov\u0161em porad\u00ed si i s d\u00e1msk\u00fdm sest\u0159ihem nebo s d\u011btsk\u00fdmi kade\u0159emi. Pochopiteln\u011b v\u00e1s nikdo nenut\u00ed ke konverzaci, pokud nechcete, m\u016f\u017eete celou dobu ml\u010det, ale ne ka\u017ed\u00fd to vydr\u017e\u00ed a chce si alespo\u0148 popov\u00eddat, vym\u011bnit si n\u00e1zory na r\u016fzn\u00e1 t\u00e9mata a tak.Bu\u010fte v tomto sm\u011bru ale proz\u00edrav\u00ed a nevytahujte na povrch negativn\u00ed t\u00e9mata, sp\u00ed\u0161e diskutujte tak, abyste z toho m\u011bli v\u0161ichni prosp\u011bch, nap\u0159\u00edklad v\u00e1s m\u016f\u017ee t\u0159eba zaj\u00edmat n\u00e1zor na \u00fapravu pokrm\u016f, na chov dom\u00e1c\u00edch zv\u00ed\u0159at, na zahradnick\u00e9 pr\u00e1ce, na tipy k od\u011bv\u016fm \u010di obuvi, na sportovn\u00ed \u010dinnosti, na v\u00fdlety do p\u0159\u00edrody \u010di tr\u00e1ven\u00ed dovolen\u00e9. Slu\u017eby barber shopu m\u016f\u017eete vyu\u017e\u00edt i jinak \u2013 pokud je v\u00e1s v\u00edc a pot\u0159ebujete pomoci s \u00fapravou vlas\u016f a vous\u016f p\u0159ed svatbou \u010di jinou rodinnou oslavou, m\u016f\u017eete se domluvit a po\u017e\u00e1dat barbera, aby nav\u0161t\u00edvil on v\u00e1s u v\u00e1s doma, v tamn\u00edm prost\u0159ed\u00ed bude tato slu\u017eba pro v\u00e1s jist\u011b p\u0159\u00edjemn\u011bj\u0161\u00ed a bude se v\u00e1m tu tak\u00e9 z\u0159ejm\u011b i l\u00e9pe konverzovat \u2013 k v\u011bci v r\u00e1mci samotn\u00e9 oslavy \u010di akce, anebo na obecn\u00e1 t\u00e9mata, jako u holi\u010de Blechy ve zmi\u0148ovan\u00e9m seri\u00e1lu.                                                                                                                                                                                                                                                                                                                                                                                                  "},{"@context":"https:\/\/schema.org\/","@type":"BreadcrumbList","itemListElement":[{"@type":"ListItem","position":1,"name":"Zastavte se v barber shopu v Praze na kus \u0159e\u010di","item":"https:\/\/www.clpr.cz\/zastavte-se-v-barber-shopu-v-praze-na-kus-reci\/#breadcrumbitem"}]}]