[{"@context":"https:\/\/schema.org\/","@type":"Article","@id":"https:\/\/www.clpr.cz\/vecer-kdy-se-nebudete-nudit\/#Article","mainEntityOfPage":"https:\/\/www.clpr.cz\/vecer-kdy-se-nebudete-nudit\/","headline":"Ve\u010der, kdy se nebudete nudit","name":"Ve\u010der, kdy se nebudete nudit","description":"R\u00e1di vyr\u00e1\u017e\u00edte do spole\u010dnosti? M\u00e1te r\u00e1di, kdy\u017e m\u00e1te mo\u017enost pozn\u00e1vat nov\u00e9 lidi, za\u017e\u00edvat zaj\u00edmav\u00e9 a mimo\u0159\u00e1dn\u00e9 z\u00e1\u017eitky? Vezm\u011bte svou p\u0159\u00edtelkyni jinam ne\u017e do oblig\u00e1tn\u00edho kina, vyrazte za z\u00e1bavou, kdy se i Vy stanete p\u0159\u00edmo sou\u010d\u00e1st\u00ed programu. Vyrazte tam, kde se nebudete nudit a ve\u010der V\u00e1m ute\u010de, ani nebudete v\u011bd\u011bt jak. Kl\u00ed\u010d k takov\u00e9 z\u00e1bav\u011b je [&hellip;]","datePublished":"2023-05-28","dateModified":"2024-06-04","author":{"@type":"Person","@id":"https:\/\/www.clpr.cz\/author\/#Person","name":"","url":"https:\/\/www.clpr.cz\/author\/","identifier":1,"image":{"@type":"ImageObject","@id":"https:\/\/secure.gravatar.com\/avatar\/86b519ae28c05e7834416117bec12e679aa78b8940db1f26d4a52ad5648f8c3a?s=96&d=mm&r=g","url":"https:\/\/secure.gravatar.com\/avatar\/86b519ae28c05e7834416117bec12e679aa78b8940db1f26d4a52ad5648f8c3a?s=96&d=mm&r=g","height":96,"width":96}},"publisher":{"@type":"Organization","name":"clpr.cz","logo":{"@type":"ImageObject","@id":"\/logo.png","url":"\/logo.png","width":600,"height":60}},"url":"https:\/\/www.clpr.cz\/vecer-kdy-se-nebudete-nudit\/","wordCount":243,"articleBody":"R\u00e1di vyr\u00e1\u017e\u00edte do spole\u010dnosti? M\u00e1te r\u00e1di, kdy\u017e m\u00e1te mo\u017enost pozn\u00e1vat nov\u00e9 lidi, za\u017e\u00edvat zaj\u00edmav\u00e9 a mimo\u0159\u00e1dn\u00e9 z\u00e1\u017eitky? Vezm\u011bte svou p\u0159\u00edtelkyni jinam ne\u017e do oblig\u00e1tn\u00edho kina, vyrazte za z\u00e1bavou, kdy se i Vy stanete p\u0159\u00edmo sou\u010d\u00e1st\u00ed programu. Vyrazte tam, kde se nebudete nudit a ve\u010der V\u00e1m ute\u010de, ani nebudete v\u011bd\u011bt jak. Kl\u00ed\u010d k takov\u00e9 z\u00e1bav\u011b je jedin\u00fd, jmenuje se kouzeln\u00edk \u2013 FB Martin. M\u016f\u017eete ho nal\u00e9zt na \u0159ad\u011b akc\u00ed, m\u016f\u017eete si ho i pozvat pr\u00e1v\u011b na tu svou party \u010di firemn\u00ed akci.P\u0159ije\u010fte za z\u00e1bavouA pokud pr\u00e1v\u011b nem\u00e1te p\u0159\u00edle\u017eitost, kam Martina pozvat, nem\u00e1te p\u0159ed sebou nyn\u00ed \u017e\u00e1dnou oslavu ani party s p\u0159\u00e1teli, je to p\u0159esto jednoduch\u00e9. Sta\u010d\u00ed sledovat Martin\u016fv profil na soci\u00e1ln\u00ed s\u00edti a tak se v\u017edy s dostate\u010dn\u00fdm p\u0159edstihem dozv\u00edte, kam m\u016f\u017eete p\u0159ij\u00edt Vy za n\u00edm. Mnohdy ho m\u016f\u017eete vid\u011bt v n\u011bkter\u00e9 restauraci \u010di klubu, kde prov\u00e1d\u00ed sv\u00e9 \u00fa\u017easn\u00e9 kousky p\u0159\u00edmo mezi div\u00e1ky. Budete nad\u0161eni, nebudete nap\u011bt\u00edm ani d\u00fdchat. Jeho triky jsou tak geni\u00e1ln\u00ed, \u017ee je ani z nejt\u011bsn\u011bj\u0161\u00ed bl\u00edzkosti neprokouknete. Nebo to snad ani nejsou triky a Martin zn\u00e1 tajn\u00e1 za\u0159\u00edk\u00e1vadla? Kdo v\u00ed?                                                                                                                                                                                                                                                                                                                                                                                                "},{"@context":"https:\/\/schema.org\/","@type":"BreadcrumbList","itemListElement":[{"@type":"ListItem","position":1,"name":"Ve\u010der, kdy se nebudete nudit","item":"https:\/\/www.clpr.cz\/vecer-kdy-se-nebudete-nudit\/#breadcrumbitem"}]}]