[{"@context":"https:\/\/schema.org\/","@type":"Article","@id":"https:\/\/www.clpr.cz\/stat-se-zakaznikem-profesionala-se-vyplaci\/#Article","mainEntityOfPage":"https:\/\/www.clpr.cz\/stat-se-zakaznikem-profesionala-se-vyplaci\/","headline":"St\u00e1t se z\u00e1kazn\u00edkem profesion\u00e1la se vypl\u00e1c\u00ed","name":"St\u00e1t se z\u00e1kazn\u00edkem profesion\u00e1la se vypl\u00e1c\u00ed","description":"Chcete se i vy st\u00e1t z\u00e1kazn\u00edkem profesion\u00e1la, kter\u00fd se mnoho let pohybuje v oboru reg\u00e1l\u016f a dod\u00e1 v\u00e1m to, co chcete a pot\u0159ebujete? M\u00e1te na tuto firmu p\u0159\u00edsn\u00e9 po\u017eadavky na kvalitu, kontrolu a dodr\u017eov\u00e1n\u00ed norem? Pokud se obr\u00e1t\u00edte na n\u00e1s, jist\u011b toto v\u0161e spln\u00edme. Jsme Proman a sna\u017e\u00edme se b\u00fdt v tomto odv\u011btv\u00ed jedni\u010dkou na [&hellip;]","datePublished":"2025-01-14","dateModified":"2025-01-14","author":{"@type":"Person","@id":"https:\/\/www.clpr.cz\/author\/#Person","name":"","url":"https:\/\/www.clpr.cz\/author\/","identifier":1,"image":{"@type":"ImageObject","@id":"https:\/\/secure.gravatar.com\/avatar\/86b519ae28c05e7834416117bec12e679aa78b8940db1f26d4a52ad5648f8c3a?s=96&d=mm&r=g","url":"https:\/\/secure.gravatar.com\/avatar\/86b519ae28c05e7834416117bec12e679aa78b8940db1f26d4a52ad5648f8c3a?s=96&d=mm&r=g","height":96,"width":96}},"publisher":{"@type":"Organization","name":"clpr.cz","logo":{"@type":"ImageObject","@id":"\/logo.png","url":"\/logo.png","width":600,"height":60}},"url":"https:\/\/www.clpr.cz\/stat-se-zakaznikem-profesionala-se-vyplaci\/","wordCount":179,"articleBody":"Chcete se i vy st\u00e1t z\u00e1kazn\u00edkem profesion\u00e1la, kter\u00fd se mnoho let pohybuje v oboru reg\u00e1l\u016f a dod\u00e1 v\u00e1m to, co chcete a pot\u0159ebujete? M\u00e1te na tuto firmu p\u0159\u00edsn\u00e9 po\u017eadavky na kvalitu, kontrolu a dodr\u017eov\u00e1n\u00ed norem? Pokud se obr\u00e1t\u00edte na n\u00e1s, jist\u011b toto v\u0161e spln\u00edme. Jsme Proman a sna\u017e\u00edme se b\u00fdt v tomto odv\u011btv\u00ed jedni\u010dkou na trhu. Pr\u00e1v\u011b proto jsou z\u00e1kazn\u00edci s t\u00edm, co jim d\u00e1v\u00e1me, pln\u011b spokojen\u00ed a nelituj\u00ed, \u017ee se obr\u00e1tili pr\u00e1v\u011b na na\u0161i spole\u010dnost. Spl\u0148ujeme velmi n\u00e1ro\u010dn\u00e9 certifik\u00e1ty Na\u0161e spole\u010dnost spl\u0148uje doopravdy velmi n\u00e1ro\u010dn\u00e9 certifik\u00e1ty na kvalitu ISO, d\u00edky kter\u00fdm m\u016f\u017eete m\u00edt jistotu, \u017ee na\u0161e v\u00fdrobky jsou t\u00edm, \u010d\u00edm b\u00fdt maj\u00ed. M\u016f\u017eete se jednodu\u0161e pod\u00edvat na na\u0161e str\u00e1nky, kde si m\u016f\u017eete ov\u011b\u0159it, zda budou na\u0161e postupy vyhovovat i v\u00e1m.                                                                                                                                                                                                                                                                                                                                                                                                "},{"@context":"https:\/\/schema.org\/","@type":"BreadcrumbList","itemListElement":[{"@type":"ListItem","position":1,"name":"St\u00e1t se z\u00e1kazn\u00edkem profesion\u00e1la se vypl\u00e1c\u00ed","item":"https:\/\/www.clpr.cz\/stat-se-zakaznikem-profesionala-se-vyplaci\/#breadcrumbitem"}]}]