[{"@context":"https:\/\/schema.org\/","@type":"Article","@id":"https:\/\/www.clpr.cz\/problem-s-nedostatkem-zubaru\/#Article","mainEntityOfPage":"https:\/\/www.clpr.cz\/problem-s-nedostatkem-zubaru\/","headline":"Probl\u00e9m s nedostatkem zuba\u0159\u016f","name":"Probl\u00e9m s nedostatkem zuba\u0159\u016f","description":"L\u00e9ka\u0159sk\u00e9 fakulty sice ka\u017ed\u00fd rok otev\u00edraj\u00ed i obor zubn\u00edho l\u00e9ka\u0159stv\u00ed, ale absolvent\u016f je oproti v\u0161eobecn\u00e9mu l\u00e9ka\u0159stv\u00ed opravdu m\u00e1lo. Kv\u016fli tomu je m\u00e1lo mlad\u00fdch zuba\u0159\u016f, kte\u0159\u00ed ordinuj\u00ed a ke kter\u00fdm m\u016f\u017eete p\u0159ij\u00edt na o\u0161et\u0159en\u00ed. Kv\u016fli tomu \u017ee je tak m\u00e1lo zubn\u00edch l\u00e9ka\u0159\u016f je pro pacienty probl\u00e9m naj\u00edt ordinaci, kter\u00e1 p\u0159ib\u00edr\u00e1 nov\u00e9 pacienty. Takov\u00fdch ordinac\u00ed je opravdu [&hellip;]","datePublished":"2024-09-16","dateModified":"2024-09-16","author":{"@type":"Person","@id":"https:\/\/www.clpr.cz\/author\/#Person","name":"","url":"https:\/\/www.clpr.cz\/author\/","identifier":1,"image":{"@type":"ImageObject","@id":"https:\/\/secure.gravatar.com\/avatar\/86b519ae28c05e7834416117bec12e679aa78b8940db1f26d4a52ad5648f8c3a?s=96&d=mm&r=g","url":"https:\/\/secure.gravatar.com\/avatar\/86b519ae28c05e7834416117bec12e679aa78b8940db1f26d4a52ad5648f8c3a?s=96&d=mm&r=g","height":96,"width":96}},"publisher":{"@type":"Organization","name":"clpr.cz","logo":{"@type":"ImageObject","@id":"\/logo.png","url":"\/logo.png","width":600,"height":60}},"image":{"@type":"ImageObject","@id":"https:\/\/www.clpr.cz\/wp-content\/uploads\/dentist-1437430_640_8.jpg","url":"https:\/\/www.clpr.cz\/wp-content\/uploads\/dentist-1437430_640_8.jpg","height":0,"width":0},"url":"https:\/\/www.clpr.cz\/problem-s-nedostatkem-zubaru\/","about":["Podnik\u00e1n\u00ed"],"wordCount":432,"articleBody":"   L\u00e9ka\u0159sk\u00e9 fakulty sice ka\u017ed\u00fd rok otev\u00edraj\u00ed i obor zubn\u00edho l\u00e9ka\u0159stv\u00ed, ale absolvent\u016f je oproti v\u0161eobecn\u00e9mu l\u00e9ka\u0159stv\u00ed opravdu m\u00e1lo. Kv\u016fli tomu je m\u00e1lo mlad\u00fdch zuba\u0159\u016f, kte\u0159\u00ed ordinuj\u00ed a ke kter\u00fdm m\u016f\u017eete p\u0159ij\u00edt na o\u0161et\u0159en\u00ed. Kv\u016fli tomu \u017ee je tak m\u00e1lo zubn\u00edch l\u00e9ka\u0159\u016f je pro pacienty probl\u00e9m naj\u00edt ordinaci, kter\u00e1 p\u0159ib\u00edr\u00e1 nov\u00e9 pacienty. Takov\u00fdch ordinac\u00ed je opravdu m\u00e1lo, a kdy\u017e u\u017e n\u011bkdo kapacity otev\u0159e, b\u011bhem pouh\u00fdch p\u00e1r hodin m\u00e1 zase plno.Kam j\u00edt? Nemyslete si, \u017ee v Praze je to lep\u0161\u00ed. I v hlavn\u00edm m\u011bst\u011b je probl\u00e9m naj\u00edt ordinace, kter\u00e9 berou pacienty. Lid\u00e9 pot\u0159ebuj\u00ed zuba\u0159e hlavn\u011b z toho d\u016fvodu, \u017ee zanedb\u00e1vaj\u00ed zubn\u00ed hygienu, a tak pot\u0159ebuji \u010dast\u00e1 o\u0161et\u0159en\u00ed. T\u011bchto lid\u00ed je bohu\u017eel v\u011bt\u0161ina, proto\u017ee jen m\u00e1lokdo si um\u00ed zuby po\u0159\u00e1dn\u011b vy\u010distit. Lid\u00e9 by rozhodn\u011b m\u011bli zm\u011bnit sv\u016fj p\u0159\u00edstup k p\u00e9\u010di o zuby, proto\u017ee pokud se budou o svoje zuby starat pe\u010dliv\u011b, nebudou pot\u0159ebovat u\u0161et\u0159en\u00ed tak \u010dasto, a t\u00edm klesne zat\u00ed\u017eenost zubn\u00edch ordinac\u00ed. Samostatnou kapitolou jsou d\u011bt\u0161t\u00ed zuba\u0159i. Zat\u00edmco d\u0159\u00edve toto byla b\u011b\u017en\u00e1 specializace v zubn\u00edm l\u00e9ka\u0159stv\u00ed, v dne\u0161n\u00ed dob\u011b u\u017e speci\u00e1ln\u00ed zubn\u00ed ordinace pro d\u011bti neexistuj\u00ed.\u0158e\u0161\u00ed se to tak, \u017ee zubn\u00ed l\u00e9ka\u0159i, kte\u0159\u00ed o\u0161et\u0159uj\u00ed dosp\u011bl\u00e9 pacienty berou do sv\u00e9 registrace tak\u00e9 d\u011bt\u00ed. Jestli v\u00e1s zaj\u00edm\u00e1, zda je n\u011bjak\u00fd d\u011btsk\u00fd zuba\u0159 v Praze 3 https:\/\/doctordent.cz\/. kter\u00fd pacienty p\u0159\u00edm\u00e1, registrujte se u n\u00e1s. Prov\u00e1d\u00edme v\u0161echny b\u011b\u017en\u00e9 \u00fakony, jako je l\u00e9\u010dba zubn\u00edch kaz\u016f, zubn\u00ed n\u00e1hrady nebo dent\u00e1ln\u00ed hygiena. Obr\u00e1tit se na n\u00e1s m\u016f\u017eete i v p\u0159\u00edpad\u011b \u017ee pot\u0159ebujete implant\u00e1ty. D\u011bl\u00e1me maximum pro dosp\u011bl\u00e9 i d\u011btsk\u00e9 pacienty. M\u016f\u017eete se u n\u00e1s zaregistrovat a vyu\u017e\u00edvat na\u0161e slu\u017eby, proto\u017ee zat\u00edm m\u00e1me voln\u00e1 m\u00edsta, kter\u00e1 se ale rychle pln\u00ed. Ke v\u0161em pacient\u016fm p\u0159istupujeme s velkou d\u00e1vkou empatie, proto\u017ee v\u00edme \u017ee mnoz\u00ed maj\u00ed strach ze zubn\u00edch l\u00e9ka\u0159\u016f. K n\u00e1m se nebudete b\u00e1t chodit, proto\u017ee se sna\u017e\u00edme o to, aby jak\u00e9koliv o\u0161et\u0159en\u00ed co nejm\u00e9n\u011b bolelo.                                                                                                                                                                                                                                                                                                                                                                                                  "},{"@context":"https:\/\/schema.org\/","@type":"BreadcrumbList","itemListElement":[{"@type":"ListItem","position":1,"name":"Probl\u00e9m s nedostatkem zuba\u0159\u016f","item":"https:\/\/www.clpr.cz\/problem-s-nedostatkem-zubaru\/#breadcrumbitem"}]}]