[{"@context":"https:\/\/schema.org\/","@type":"Article","@id":"https:\/\/www.clpr.cz\/moje-rodina\/#Article","mainEntityOfPage":"https:\/\/www.clpr.cz\/moje-rodina\/","headline":"Moje rodina","name":"Moje rodina","description":"Cht\u011bla jsem u\u017e dlouho skon\u010dit v m\u00e9 p\u0159ede\u0161l\u00e9 pr\u00e1ci, finan\u010dn\u011b to nebylo a\u017e tak zl\u00e9, ale nebylo to to, co by m\u011b opravdu napl\u0148ovalo a od n\u00e1stupu jsem v\u011bd\u011bla, \u017ee tam prost\u011b skon\u010d\u00edm. V podstat\u011b jsem ale byla \u0161\u0165astn\u00e1, byla jsem s m\u00fdm p\u0159\u00edtelem, co\u017e je opravdov\u00fd poklad v dne\u0161n\u00ed dob\u011b, osamostatnila jsem se od [&hellip;]","datePublished":"2024-07-19","dateModified":"2024-07-19","author":{"@type":"Person","@id":"https:\/\/www.clpr.cz\/author\/#Person","name":"","url":"https:\/\/www.clpr.cz\/author\/","identifier":1,"image":{"@type":"ImageObject","@id":"https:\/\/secure.gravatar.com\/avatar\/86b519ae28c05e7834416117bec12e679aa78b8940db1f26d4a52ad5648f8c3a?s=96&d=mm&r=g","url":"https:\/\/secure.gravatar.com\/avatar\/86b519ae28c05e7834416117bec12e679aa78b8940db1f26d4a52ad5648f8c3a?s=96&d=mm&r=g","height":96,"width":96}},"publisher":{"@type":"Organization","name":"clpr.cz","logo":{"@type":"ImageObject","@id":"\/logo.png","url":"\/logo.png","width":600,"height":60}},"image":{"@type":"ImageObject","@id":"https:\/\/www.clpr.cz\/wp-content\/uploads\/pexels-visoesdomundo-2808658.jpg","url":"https:\/\/www.clpr.cz\/wp-content\/uploads\/pexels-visoesdomundo-2808658.jpg","height":0,"width":0},"url":"https:\/\/www.clpr.cz\/moje-rodina\/","about":["Lifestyle"],"wordCount":423,"articleBody":"Cht\u011bla jsem u\u017e dlouho skon\u010dit v m\u00e9 p\u0159ede\u0161l\u00e9 pr\u00e1ci, finan\u010dn\u011b to nebylo a\u017e tak zl\u00e9, ale nebylo to to, co by m\u011b opravdu napl\u0148ovalo a od n\u00e1stupu jsem v\u011bd\u011bla, \u017ee tam prost\u011b skon\u010d\u00edm. V podstat\u011b jsem ale byla \u0161\u0165astn\u00e1, byla jsem s m\u00fdm p\u0159\u00edtelem, co\u017e je opravdov\u00fd poklad v dne\u0161n\u00ed dob\u011b, osamostatnila jsem se od rodi\u010d\u016f, z\u00edskala mnoho zku\u0161enost\u00ed. Co se ale t\u00fd\u010de vztahu v rodin\u011b, matka velmi \u0161patn\u011b nesla, \u017ee jsem pry\u010d, byla jsem 300 km od m\u00e9ho rodn\u00e9ho m\u011bsta, rodi\u010de na mnou byli jen 1x za 2 roky jako opravdov\u00e1 n\u00e1v\u0161t\u011bva, 1 x kdy\u017e m\u011bli cestu kolem a 1x kdy\u017e se vraceli p\u0159es toto m\u011bsto z dovolen\u00e9, v\u017edy to byly v\u00fdmluvy, jak je benz\u00edn drah\u00fd. Nejezdili za mnou, za to j\u00e1 za nimi v\u017edy, kdy\u017e to \u0161lo. Matka se m\u011b nikdy up\u0159\u00edmn\u011b neptala, co v pr\u00e1ci, nebyla na m\u011b v\u016fbec py\u0161n\u00e1 (z m\u00e9ho pohledu). P\u0159ed touto prac\u00ed jsem d\u011blala prodava\u010dku v obchod\u011b, dle m\u00e9ho se za m\u011b velmi styd\u011bla, proto\u017ee pracuje ve slu\u017eb\u00e1ch a v\u017edy mi psala n\u011bco ve smyslu, \u017ee nev\u00ed, co m\u00e1 o m\u011b \u0159\u00edct z\u00e1kaznic\u00edm, kdy\u017e se na m\u011b zeptaj\u00ed\u2026 C\u00edtila jsem se p\u0159\u00ed\u0161ern\u011b, neakceptovala m\u011b. Nikdy jsem nefetovala, nebyla jsem takov\u00e9 to ,,hajzl\u201c d\u00edt\u011b, sv\u00fdch rodi\u010d\u016f si cen\u00edm, ale nikdy nejsem dost dobr\u00e1. Pak mi za\u010dala matka \u0159\u00edkat po\u0159\u00e1d o vysok\u00e9 \u0161kole, v\u017edy v\u0161echny uzn\u00e1v\u00e1, kdo ji m\u00e1, titul je v m\u00ed rodin\u011b v\u0161\u00edm, a\u010dkoliv ani jeden z m\u00fdch rodi\u010d\u016f vysokou \u0161kolu nem\u00e1. Tak jsem postupn\u011b b\u011bhem m\u00e9 druh\u00e9 pr\u00e1ce nad t\u00edm za\u010dalo hodn\u011b p\u0159em\u00fd\u0161let \u2013 jeden obor m\u011b velmi zaujal, dostala jsem se na n\u011bj a cel\u00e1 rodina byla najednou se mnou spokojena. J\u00edt na vysokou \u0161kolu ale znamenalo se vr\u00e1tit zp\u011bt do rodn\u00e9ho m\u011bsta k rodi\u010d\u016fm (p\u0159\u00edtel m\u011b podporoval, ale musel je\u0161t\u011b necel\u00fd rok str\u00e1vit ve sv\u00e9 pr\u00e1ci a pak by se vr\u00e1til za mnou). V den, kdy jsem se vr\u00e1tila a musela jsem se rozlou\u010dit s p\u0159\u00edtelem byl jeden z nejhor\u0161\u00edch dn\u016f, nejen, \u017ee jsem byla smutn\u00e1, \u017ee spolu u\u017e nebudeme n\u011bjakou dobu bydlet, ale ani jsem nev\u011bd\u011bla, co m\u011b bude \u010dekat.\u00a0                                                                                                                                                                                                                                                                                                                                                                                                "},{"@context":"https:\/\/schema.org\/","@type":"BreadcrumbList","itemListElement":[{"@type":"ListItem","position":1,"name":"Moje rodina","item":"https:\/\/www.clpr.cz\/moje-rodina\/#breadcrumbitem"}]}]