[{"@context":"https:\/\/schema.org\/","@type":"Article","@id":"https:\/\/www.clpr.cz\/dovolena-a-zahrada\/#Article","mainEntityOfPage":"https:\/\/www.clpr.cz\/dovolena-a-zahrada\/","headline":"Dovolen\u00e1 a zahrada","name":"Dovolen\u00e1 a zahrada","description":"Dovolen\u00e1 je v\u017edycky pro ka\u017ed\u00e9ho \u010dlov\u011bka opravdu velik\u00fdm odpo\u010dinkem. Nezn\u00e1m \u017e\u00e1dn\u00e9ho \u010dlov\u011bka, kter\u00fd by ne\u0159ekl, \u017ee v\u016fbec nepot\u0159ebuje dovolenou nebo \u017ee ho nebav\u00ed cestov\u00e1n\u00ed. Samoz\u0159ejm\u011b, \u017ee n\u011bkte\u0159\u00ed lid\u00e9 nemaj\u00ed tak r\u00e1di \u00fapln\u011b cestov\u00e1n\u00ed. Jako t\u0159eba mlad\u00ed lid\u00e9, t\u0159eba moje babi\u010dka mi v\u017edycky \u0159\u00edk\u00e1, \u017ee na cestov\u00e1n\u00ed pr\u00fd\u00a0nebyla by nikdy, ani nebyla u mo\u0159e a pr\u00fd [&hellip;]","datePublished":"2023-11-02","dateModified":"2023-11-02","author":{"@type":"Person","@id":"https:\/\/www.clpr.cz\/author\/#Person","name":"","url":"https:\/\/www.clpr.cz\/author\/","identifier":1,"image":{"@type":"ImageObject","@id":"https:\/\/secure.gravatar.com\/avatar\/86b519ae28c05e7834416117bec12e679aa78b8940db1f26d4a52ad5648f8c3a?s=96&d=mm&r=g","url":"https:\/\/secure.gravatar.com\/avatar\/86b519ae28c05e7834416117bec12e679aa78b8940db1f26d4a52ad5648f8c3a?s=96&d=mm&r=g","height":96,"width":96}},"publisher":{"@type":"Organization","name":"clpr.cz","logo":{"@type":"ImageObject","@id":"\/logo.png","url":"\/logo.png","width":600,"height":60}},"image":{"@type":"ImageObject","@id":"https:\/\/www.clpr.cz\/wp-content\/uploads\/tavern-7411977_960_720_1.jpg","url":"https:\/\/www.clpr.cz\/wp-content\/uploads\/tavern-7411977_960_720_1.jpg","height":0,"width":0},"url":"https:\/\/www.clpr.cz\/dovolena-a-zahrada\/","about":["Dovolen\u00e1"],"wordCount":428,"articleBody":"Dovolen\u00e1 je v\u017edycky pro ka\u017ed\u00e9ho \u010dlov\u011bka opravdu velik\u00fdm odpo\u010dinkem. Nezn\u00e1m \u017e\u00e1dn\u00e9ho \u010dlov\u011bka, kter\u00fd by ne\u0159ekl, \u017ee v\u016fbec nepot\u0159ebuje dovolenou nebo \u017ee ho nebav\u00ed cestov\u00e1n\u00ed. Samoz\u0159ejm\u011b, \u017ee n\u011bkte\u0159\u00ed lid\u00e9 nemaj\u00ed tak r\u00e1di \u00fapln\u011b cestov\u00e1n\u00ed. Jako t\u0159eba mlad\u00ed lid\u00e9, t\u0159eba moje babi\u010dka mi v\u017edycky \u0159\u00edk\u00e1, \u017ee na cestov\u00e1n\u00ed pr\u00fd\u00a0nebyla by nikdy, ani nebyla u mo\u0159e a pr\u00fd ani nikdy nebyla v Praze. A p\u0159itom Prahu m\u00e1 asi pades\u00e1t kilometr\u016f\u00a0od sv\u00e9ho bydli\u0161t\u011b, ono j\u00ed to prost\u011b nebav\u00ed, pr\u00fd jenom byla tam, kam musela, t\u0159eba kdy\u017e m\u011bl n\u011bkdo narozeniny nebo oslavu nebo svatbu, tak v\u017edycky jela tam, ale nikdo to nem\u011bl v Praze anebo nikdo v zahrani\u010d\u00ed. Tedy jedna jej\u00ed kamar\u00e1dka j\u00ed psala, kdy\u017e je\u0161t\u011b byla mlad\u00e1 \u017eena v N\u011bmecku, tak m\u011bla svatbu. A moje babi\u010dka tam ale nejela, proto\u017ee se j\u00ed necht\u011blo a \u017ee pr\u00fd cesta byla moc dlouh\u00e1 a \u017ee pr\u00fd by to tak\u00e9 st\u00e1lo hodn\u011b pen\u011bz. Tohle sice ano, \u017ee na tu dobu by to st\u00e1lo hodn\u011b pen\u011bz, ale ani nev\u00edm, pro\u010d by tam babi\u010dka nemohla jet. T\u0159eba kdyby k sob\u011b je\u0161t\u011b n\u011bkoho vzala t\u0159eba svou m\u00e1mu, kter\u00e1 byla zvan\u00e1 taky, tak by si vlastn\u011b mohly\u00a0rozd\u011blit n\u00e1klady. Jenom\u017ee moje babi\u010dka ne, nem\u00e1 r\u00e1da \u017e\u00e1dn\u00e9 cestov\u00e1n\u00ed ani dovolenou. A \u0159\u00edkala, \u017ee ona o to nikdy nest\u00e1la, \u017ee pr\u00fd j\u00ed sta\u010dila jej\u00ed rodina a opravdu obrovsk\u00e1 zahrada, kterou snad ani celou neprob\u00e1dan\u00e9.Ano, d\u0159\u00edve zahrady byly snad opravdu tak velik\u00e9, \u017ee \u010dlov\u011bk je ani nestihl cel\u00e9 prob\u00e1dat. Dokonce i moje babi\u010dka \u0159ekla, \u017ee nev\u011bd\u011bla, kde za\u010d\u00ednala a kde kon\u010dila jejich zahrada, proto\u017ee oni ji m\u011bli cel\u00fdch t\u0159icet\u00a0let neoplocenou. Pozd\u011bji, kdy\u017e u\u017e se to muselo oplocovat, kdy\u017e m\u011bli psa, tak pozemek\u00a0samoz\u0159ejm\u011b museli cel\u00fd\u00a0oplotit. J\u00e1 se ale nediv\u00edm, d\u0159\u00edve norm\u00e1ln\u011b zv\u00ed\u0159ata b\u011bhala v\u0161ude po ulici. Ale j\u00e1 bych se vr\u00e1tila zp\u00e1tky k dovolen\u00e9. Tak kde si vy dovolenou u\u017e\u00edv\u00e1te nejrad\u011bji? J\u00e1 nejrad\u011bji u mo\u0159e,\u00a0m\u00e1m r\u00e1da p\u00eds\u010dit\u00e9 pl\u00e1\u017ee, kde je opravdu hodn\u011b slun\u00ed\u010dka, kdy jsou bary a tak\u00e9, kde se dok\u00e1\u017ee \u010dlov\u011bk po\u0159\u00e1dn\u011b m\u016f\u017ee vy\u0159\u00e1dit, ale tak\u00e9 odpo\u010dinout.\u00a0                                                                                                                                                                                                                                                                                                                                                                                                "},{"@context":"https:\/\/schema.org\/","@type":"BreadcrumbList","itemListElement":[{"@type":"ListItem","position":1,"name":"Dovolen\u00e1 a zahrada","item":"https:\/\/www.clpr.cz\/dovolena-a-zahrada\/#breadcrumbitem"}]}]